{"id":12,"date":"2023-08-29T15:58:14","date_gmt":"2023-08-29T18:58:14","guid":{"rendered":"https:\/\/estudiomaximo.com\/?p=12"},"modified":"2026-02-03T21:27:13","modified_gmt":"2026-02-04T00:27:13","slug":"single-post","status":"publish","type":"post","link":"https:\/\/estudiomaximo.com\/index.php\/2023\/08\/29\/single-post\/","title":{"rendered":"Quinto encuentro coral en el agosto alvearense"},"content":{"rendered":"\n<p class=\"has-medium-font-size\">Como cada a\u00f1o desde que fue remodelado el Cine Teatro Antonio Lafalla, en la tarde-noche de ayer, jueves 31 de agosto, se llev\u00f3 a cabo la tradicional presentaci\u00f3n de los coros alvearenses.<\/p>\n\n\n\n<figure class=\"wp-block-image aligncenter size-large\"><img fetchpriority=\"high\" decoding=\"async\" width=\"1024\" height=\"684\" src=\"https:\/\/estudiomaximo.com\/wp-content\/uploads\/2023\/09\/Encuentro-Coral-14-1024x684.jpg\" alt=\"\" class=\"wp-image-351\" srcset=\"https:\/\/estudiomaximo.com\/wp-content\/uploads\/2023\/09\/Encuentro-Coral-14-1024x684.jpg 1024w, https:\/\/estudiomaximo.com\/wp-content\/uploads\/2023\/09\/Encuentro-Coral-14-300x200.jpg 300w, https:\/\/estudiomaximo.com\/wp-content\/uploads\/2023\/09\/Encuentro-Coral-14-768x513.jpg 768w, https:\/\/estudiomaximo.com\/wp-content\/uploads\/2023\/09\/Encuentro-Coral-14-1536x1026.jpg 1536w, https:\/\/estudiomaximo.com\/wp-content\/uploads\/2023\/09\/Encuentro-Coral-14.jpg 1920w\" sizes=\"(max-width: 1024px) 100vw, 1024px\" \/><\/figure>\n\n\n\n<p>La Directora de Cultura Liana Piedrafita detall\u00f3 que el encuentro coral del agosto alvearense comenz\u00f3 en 2018, con el objetivo de convocar al teatro a todos los coros del Departamento, dado que cada uno ensaya en su espacio y as\u00ed se dan a conocer a la comunidad.<\/p>\n\n\n\n<p>\u201cSe trata de quinto encuentro coral, porque durante la pandemia no lo pudimos realizar. Hubo coros de adultos y de ni\u00f1os, algunos de diferentes iglesias de General Alvear que cantaron alabanzas. Es para destacar, que cantar en grupo tiene un efecto terap\u00e9utico muy interesante\u201d.<\/p>\n\n\n\n<p><\/p>\n\n\n\n<figure class=\"wp-block-image aligncenter size-large\"><img decoding=\"async\" width=\"1024\" height=\"160\" src=\"http:\/\/estudiomaximo.com\/wp-content\/uploads\/2023\/08\/publicite-aqui-1024x160.webp\" alt=\"\" class=\"wp-image-180\" srcset=\"https:\/\/estudiomaximo.com\/wp-content\/uploads\/2023\/08\/publicite-aqui-1024x160.webp 1024w, https:\/\/estudiomaximo.com\/wp-content\/uploads\/2023\/08\/publicite-aqui-300x47.webp 300w, https:\/\/estudiomaximo.com\/wp-content\/uploads\/2023\/08\/publicite-aqui-768x120.webp 768w, https:\/\/estudiomaximo.com\/wp-content\/uploads\/2023\/08\/publicite-aqui-1536x240.webp 1536w, https:\/\/estudiomaximo.com\/wp-content\/uploads\/2023\/08\/publicite-aqui.webp 1920w\" sizes=\"(max-width: 1024px) 100vw, 1024px\" \/><\/figure>\n\n\n\n<p>Por su parte, el Director del Coro Ministerio Vida y Paz Alberto Komazuck expres\u00f3 su agradecimiento a la municipalidad por convocarlos, \u201ces un orgullo estar aqu\u00ed, en este lugar, con el coro. Los coros se preparan durante mucho tiempo, exponen lo mejor que tienen, contando con voces espectaculares, por lo que es una oportunidad para General Alvear escuchar todas estas voces. Adem\u00e1s, hubo mucha concurrencia y fue muy c\u00e1lido el p\u00fablico. Contamos con un Teatro maravilloso en el sur provincial, que posee una ac\u00fastica impecable, es para destacar las reformas y el cuidado que se le brinda\u201d.<\/p>\n\n\n\n<p><\/p>\n","protected":false},"excerpt":{"rendered":"<p>Como cada a\u00f1o desde que fue remodelado el Cine Teatro Antonio Lafalla, en la tarde-noche [&hellip;]<\/p>\n","protected":false},"author":1,"featured_media":351,"comment_status":"closed","ping_status":"open","sticky":false,"template":"","format":"standard","meta":{"_eb_attr":"","footnotes":""},"categories":[26,27],"tags":[33,32],"class_list":["post-12","post","type-post","status-publish","format-standard","has-post-thumbnail","hentry","category-entretenimientos","category-locales","tag-coro","tag-teatro-lafalla"],"_links":{"self":[{"href":"https:\/\/estudiomaximo.com\/index.php\/wp-json\/wp\/v2\/posts\/12","targetHints":{"allow":["GET"]}}],"collection":[{"href":"https:\/\/estudiomaximo.com\/index.php\/wp-json\/wp\/v2\/posts"}],"about":[{"href":"https:\/\/estudiomaximo.com\/index.php\/wp-json\/wp\/v2\/types\/post"}],"author":[{"embeddable":true,"href":"https:\/\/estudiomaximo.com\/index.php\/wp-json\/wp\/v2\/users\/1"}],"replies":[{"embeddable":true,"href":"https:\/\/estudiomaximo.com\/index.php\/wp-json\/wp\/v2\/comments?post=12"}],"version-history":[{"count":8,"href":"https:\/\/estudiomaximo.com\/index.php\/wp-json\/wp\/v2\/posts\/12\/revisions"}],"predecessor-version":[{"id":494,"href":"https:\/\/estudiomaximo.com\/index.php\/wp-json\/wp\/v2\/posts\/12\/revisions\/494"}],"wp:featuredmedia":[{"embeddable":true,"href":"https:\/\/estudiomaximo.com\/index.php\/wp-json\/wp\/v2\/media\/351"}],"wp:attachment":[{"href":"https:\/\/estudiomaximo.com\/index.php\/wp-json\/wp\/v2\/media?parent=12"}],"wp:term":[{"taxonomy":"category","embeddable":true,"href":"https:\/\/estudiomaximo.com\/index.php\/wp-json\/wp\/v2\/categories?post=12"},{"taxonomy":"post_tag","embeddable":true,"href":"https:\/\/estudiomaximo.com\/index.php\/wp-json\/wp\/v2\/tags?post=12"}],"curies":[{"name":"wp","href":"https:\/\/api.w.org\/{rel}","templated":true}]}}