{"id":342,"date":"2023-09-03T11:29:51","date_gmt":"2023-09-03T14:29:51","guid":{"rendered":"https:\/\/estudiomaximo.com\/?p=342"},"modified":"2026-02-03T21:27:13","modified_gmt":"2026-02-04T00:27:13","slug":"el-monstruo-del-lago-ness-la-mayor-busqueda-en-90-anos-dio-como-resultados-sonidos-extranos-copy","status":"publish","type":"post","link":"https:\/\/estudiomaximo.com\/index.php\/2023\/09\/03\/el-monstruo-del-lago-ness-la-mayor-busqueda-en-90-anos-dio-como-resultados-sonidos-extranos-copy\/","title":{"rendered":"El monstruo del Lago Ness: la mayor b\u00fasqueda en 90 a\u00f1os dio como resultados \u201csonidos extra\u00f1os\u201d"},"content":{"rendered":"\n<p class=\"has-medium-font-size\">Unas 300 personas personas participaron durante el fin de semana en una nueva b\u00fasqueda del m\u00edtico&nbsp;<strong>monstruo&nbsp;<\/strong>del&nbsp;<strong>Lago Ness<\/strong>.&nbsp;<\/p>\n\n\n\n<figure class=\"wp-block-image aligncenter size-large\"><img fetchpriority=\"high\" decoding=\"async\" width=\"1024\" height=\"576\" src=\"http:\/\/estudiomaximo.com\/wp-content\/uploads\/2023\/08\/monstruo-lago-ness-1024x576.webp\" alt=\"\" class=\"wp-image-188\" srcset=\"https:\/\/estudiomaximo.com\/wp-content\/uploads\/2023\/08\/monstruo-lago-ness-1024x576.webp 1024w, https:\/\/estudiomaximo.com\/wp-content\/uploads\/2023\/08\/monstruo-lago-ness-300x169.webp 300w, https:\/\/estudiomaximo.com\/wp-content\/uploads\/2023\/08\/monstruo-lago-ness-768x432.webp 768w, https:\/\/estudiomaximo.com\/wp-content\/uploads\/2023\/08\/monstruo-lago-ness.webp 1200w\" sizes=\"(max-width: 1024px) 100vw, 1024px\" \/><\/figure>\n\n\n\n<p class=\"has-drop-cap\">Desde el primer supuesto avistamiento en 1933, el fin de semana se realiz\u00f3 una misi\u00f3n con micr\u00f3fonos y drones abarcando una gran superficie.<\/p>\n\n\n\n<h5 class=\"wp-block-heading\">Laboris nisi<\/h5>\n\n\n\n<p>Armados con micr\u00f3fonos, drones y c\u00e1maras infrarrojas,<mark>&nbsp;la investigaci\u00f3n report\u00f3 el hallazgo de \u201c<em>sonidos extra\u00f1os<\/em>\u201c<\/mark>, en tanto todav\u00eda se sigue revisando el material que dej\u00f3 la expedici\u00f3n en&nbsp;<strong>Escocia<\/strong>.<\/p>\n\n\n\n<p>Cientos de voluntarios iniciaron el s\u00e1bado&nbsp;<mark>la mayor b\u00fasqueda en m\u00e1s de medio siglo<\/mark>&nbsp;para tratar de localizar al monstruo que supuestamente habita sus aguas, bautizado popularmente como \u201c<strong>Nessie<\/strong>\u201c.<\/p>\n\n\n\n<p>Seg\u00fan inform\u00f3 National Geographic, las tareas abarcaron 17 zonas. El l\u00edder del proyecto,&nbsp;Alan McKenna, adelant\u00f3 que&nbsp;<mark>no se hab\u00edan hallado pruebas concluyentes, pero indic\u00f3 que algunos de los micr\u00f3fonos hab\u00edan detectado&nbsp;\u201csonidos extra\u00f1os\u201d<\/mark>.<\/p>\n\n\n\n<p>Los testimonios y el mito generado en torno a&nbsp;<mark>numerosos supuestos avistamientos de la criatura llevan surgiendo en esa zona de las Highlands escocesas desde hace 90 a\u00f1os<\/mark>.<\/p>\n\n\n\n<figure class=\"wp-block-image aligncenter size-large\"><img decoding=\"async\" width=\"1024\" height=\"160\" src=\"http:\/\/estudiomaximo.com\/wp-content\/uploads\/2023\/08\/publicite-aqui-1024x160.webp\" alt=\"\" class=\"wp-image-180\" srcset=\"https:\/\/estudiomaximo.com\/wp-content\/uploads\/2023\/08\/publicite-aqui-1024x160.webp 1024w, https:\/\/estudiomaximo.com\/wp-content\/uploads\/2023\/08\/publicite-aqui-300x47.webp 300w, https:\/\/estudiomaximo.com\/wp-content\/uploads\/2023\/08\/publicite-aqui-768x120.webp 768w, https:\/\/estudiomaximo.com\/wp-content\/uploads\/2023\/08\/publicite-aqui-1536x240.webp 1536w, https:\/\/estudiomaximo.com\/wp-content\/uploads\/2023\/08\/publicite-aqui.webp 1920w\" sizes=\"(max-width: 1024px) 100vw, 1024px\" \/><\/figure>\n\n\n\n<blockquote class=\"wp-block-quote is-layout-flow wp-block-quote-is-layout-flow\">\n<p>Seg\u00fan recuerda la cadena brit\u00e1nica BBC, en abril de 1933 la directora de un hotel de la zona indic\u00f3 que hab\u00eda visto una criatura del tama\u00f1o de una ballena en ese lago, uno de los grandes reclamos tur\u00edsticos de Escocia.<\/p>\n\n\n\n<p>La legendaria operaci\u00f3n de b\u00fasqueda fue organizada por el Centro Lago Ness, en Drumnadrochit, y un equipo de b\u00fasqueda de voluntarios denominado Loch Ness Exploration.<\/p>\n\n\n\n<p>El director general del Centro Lago Ness, Paul Nixon, dijo a la citada cadena de televisi\u00f3n que \u201c<em>algunos de los avistamientos recientes son contactos sonares, que muestran objetos en las aguas profundas<\/em>\u201c.<\/p>\n\n\n\n<p><\/p>\n<cite> <img decoding=\"async\" class=\"wp-image-17\" style=\"width: 150px;\" src=\"https:\/\/estudiomaximo.com\/wp-content\/themes\/exs\/assets\/img\/person.png\" alt=\"\"> <\/cite><\/blockquote>\n\n\n\n<p>En esta batida&nbsp;<mark>se habilitaron drones equipados con c\u00e1maras infrarrojas que sobrevuelan el lago<\/mark>, y se est\u00e1 empleando un hidr\u00f3fono para detectar sonidos submarinos no habituales.<\/p>\n\n\n\n<figure class=\"wp-block-gallery has-nested-images columns-4 wp-block-gallery-1 is-layout-flex wp-block-gallery-is-layout-flex\">\n<figure class=\"wp-block-image alignright size-full\"><a href=\"http:\/\/estudiomaximo.com\/wp-content\/uploads\/2023\/08\/Lago-Ness-2-scaled-1.webp\"><img decoding=\"async\" width=\"800\" height=\"600\" data-id=\"187\" src=\"http:\/\/estudiomaximo.com\/wp-content\/uploads\/2023\/08\/Lago-Ness-2-scaled-1.webp\" alt=\"\" class=\"wp-image-187\" srcset=\"https:\/\/estudiomaximo.com\/wp-content\/uploads\/2023\/08\/Lago-Ness-2-scaled-1.webp 800w, https:\/\/estudiomaximo.com\/wp-content\/uploads\/2023\/08\/Lago-Ness-2-scaled-1-300x225.webp 300w, https:\/\/estudiomaximo.com\/wp-content\/uploads\/2023\/08\/Lago-Ness-2-scaled-1-768x576.webp 768w\" sizes=\"(max-width: 800px) 100vw, 800px\" \/><\/a><\/figure>\n<\/figure>\n\n\n\n<p>El tama\u00f1o del lago se extiende m\u00e1s de 36 kil\u00f3metros y cuenta con m\u00e1s de 200 metros de profundidad en algunos lugares, lo que dificulta las labores de exploraci\u00f3n.<\/p>\n\n\n\n<p>Adem\u00e1s, contiene 7.452 millones de metros c\u00fabicos, m\u00e1s que todos los lagos ingleses y galeses juntos.<\/p>\n\n\n\n<p><em><strong>Con informaci\u00f3n de EFE.<\/strong><\/em><\/p>\n","protected":false},"excerpt":{"rendered":"<p>Unas 300 personas personas participaron durante el fin de semana en una nueva b\u00fasqueda del [&hellip;]<\/p>\n","protected":false},"author":1,"featured_media":188,"comment_status":"closed","ping_status":"open","sticky":false,"template":"","format":"standard","meta":{"_eb_attr":"","footnotes":""},"categories":[30],"tags":[31],"class_list":["post-342","post","type-post","status-publish","format-standard","has-post-thumbnail","hentry","category-internacionales","tag-paranormal"],"_links":{"self":[{"href":"https:\/\/estudiomaximo.com\/index.php\/wp-json\/wp\/v2\/posts\/342","targetHints":{"allow":["GET"]}}],"collection":[{"href":"https:\/\/estudiomaximo.com\/index.php\/wp-json\/wp\/v2\/posts"}],"about":[{"href":"https:\/\/estudiomaximo.com\/index.php\/wp-json\/wp\/v2\/types\/post"}],"author":[{"embeddable":true,"href":"https:\/\/estudiomaximo.com\/index.php\/wp-json\/wp\/v2\/users\/1"}],"replies":[{"embeddable":true,"href":"https:\/\/estudiomaximo.com\/index.php\/wp-json\/wp\/v2\/comments?post=342"}],"version-history":[{"count":3,"href":"https:\/\/estudiomaximo.com\/index.php\/wp-json\/wp\/v2\/posts\/342\/revisions"}],"predecessor-version":[{"id":493,"href":"https:\/\/estudiomaximo.com\/index.php\/wp-json\/wp\/v2\/posts\/342\/revisions\/493"}],"wp:featuredmedia":[{"embeddable":true,"href":"https:\/\/estudiomaximo.com\/index.php\/wp-json\/wp\/v2\/media\/188"}],"wp:attachment":[{"href":"https:\/\/estudiomaximo.com\/index.php\/wp-json\/wp\/v2\/media?parent=342"}],"wp:term":[{"taxonomy":"category","embeddable":true,"href":"https:\/\/estudiomaximo.com\/index.php\/wp-json\/wp\/v2\/categories?post=342"},{"taxonomy":"post_tag","embeddable":true,"href":"https:\/\/estudiomaximo.com\/index.php\/wp-json\/wp\/v2\/tags?post=342"}],"curies":[{"name":"wp","href":"https:\/\/api.w.org\/{rel}","templated":true}]}}